{"id":440,"date":"2023-08-04T13:47:06","date_gmt":"2023-08-04T11:47:06","guid":{"rendered":"https:\/\/aikidogaume.be\/?p=440"},"modified":"2023-08-04T13:47:06","modified_gmt":"2023-08-04T11:47:06","slug":"un-mois-un-dojo","status":"publish","type":"post","link":"https:\/\/aikidogaume.be\/?p=440","title":{"rendered":"Un mois, un dojo"},"content":{"rendered":"\n<p><strong>Piotr Nowak, Gaume, Belgique<\/strong> &#8211; Interview reprise de la Kishinkai Newsletter #32 \u2013 juillet 2023<\/p>\n\n\n\n<p><strong>Quel est ton parcours martial ?<\/strong><br>Enfant j\u2019ai essay\u00e9 le judo et le jujutsu mais je n\u2019ai pas accroch\u00e9. Je suis arriv\u00e9 de Pologne en Belgique \u00e0 10\u00a0ans et j\u2019ai d\u00e9couvert le cin\u00e9ma am\u00e9ricain, dont le film \u00ab\u00a0Nico\u00a0\u00bb avec Steven Seagal. \u00c7a m\u2019a donn\u00e9 envie d\u2019essayer l\u2019A\u00efkido. Apr\u00e8s avoir repouss\u00e9 le moment de passer la porte d\u2019un dojo, j\u2019ai fini par essayer et je suis imm\u00e9diatement devenu accro. Je voulais faire autant de stages que possible, je me renseignais tout le temps sur la discipline, etc.<\/p>\n\n\n\n<div style=\"height:56px\" aria-hidden=\"true\" class=\"wp-block-spacer\"><\/div>\n\n\n\n<blockquote class=\"wp-block-quote is-style-plain is-layout-flow wp-block-quote-is-layout-flow\">\n<p class=\"has-huge-font-size\">&lt;&lt; On apprend le geste, puis on polit encore et encore dans l\u2019objectif d\u2019obtenir une pratique toujours plus fine et plus pr\u00e9cise >><\/p>\n<cite>Piotr Nowak<\/cite><\/blockquote>\n\n\n\n<div style=\"height:56px\" aria-hidden=\"true\" class=\"wp-block-spacer\"><\/div>\n\n\n\n<p><strong>Comment as-tu d\u00e9couvert L\u00e9o et le Kishinkai\u00a0?<\/strong><br>Comme j\u2019aimais parler de la discipline quand je ne pratiquais pas, j\u2019\u00e9tais inscrit sur feu aiki-forum. C\u2019est l\u00e0 o\u00f9 j\u2019ai entendu parler de L\u00e9o la premi\u00e8re fois. Je l\u2019ai ensuite rencontr\u00e9 lors d\u2019un de ses stages en Belgique.<br><br><strong>Qu\u2019est-ce qui t\u2019a plu\u00a0?<\/strong><br>J\u2019ai d\u00e9couvert un enseignant enthousiaste, ouvert et g\u00e9n\u00e9reux. Je garderai toujours en m\u00e9moire ce premier cours o\u00f9 l\u2019on a travaill\u00e9\u00a0<em>ude kime nage,<\/em>\u00a0et le vide sid\u00e9ral ressenti lorsque je suis pass\u00e9 entre ses mains. Je suis reparti d\u00e9cid\u00e9 \u00e0 le revoir rapidement.<br>Ensuite lorsque le Kishinkai a \u00e9t\u00e9 cr\u00e9\u00e9, une fois par semaine je parcourais 140\u00a0km pour me rendre avec des amis \u00e0 Li\u00e8ge au dojo d\u2019Arnaud Lejeune.<\/p>\n\n\n<div class=\"wp-block-image is-style-default\">\n<figure class=\"aligncenter size-full is-resized\"><img loading=\"lazy\" decoding=\"async\" src=\"https:\/\/aikidogaume.be\/wp-content\/uploads\/2023\/08\/7774e60b-9a14-98f5-18f8-45c36705629c.jpg\" alt=\"\" class=\"wp-image-441\" width=\"378\" height=\"567\"\/><\/figure><\/div>\n\n\n<p><strong>Tu es \u00e9galement praticien de shiatsu ?<\/strong><br>Oui, je me suis form\u00e9 en \u00ab zen shiatsu \u00bb puis j\u2019ai choisi de suivre l\u2019enseignement de Masanori Okamoto de l\u2019\u00e9cole Kuretake. Le shiatsu de l\u2019\u00e9cole est transmis par kata. Une grande importance est apport\u00e9e \u00e0 la posture du praticien et \u00e0 la forme de la main, afin d\u2019exercer sans occasionner de douleur au praticien. La pression juste et la posture juste sont n\u00e9cessaires pour permettre une pratique sans fatigue dans la dur\u00e9e.<br>Le shiatsu Kuretake est un massage clair et pr\u00e9cis qui s\u2019attache \u00e0 un travail sur le corps du receveur, et n\u2019inclus pas de th\u00e9orie provenant de la m\u00e9decine traditionnelle chinoise.<\/p>\n\n\n\n<p><strong>Quels liens fais-tu entre A\u00efkido et shiatsu ?<\/strong><br>L\u2019apprentissage passe d\u2019abord par la vue : observer l\u2019enseignant avant d\u2019essayer de reproduire.<br>En termes d\u2019\u00e9tat d\u2019esprit le parall\u00e8le est flagrant : toujours chercher \u00e0 faire mieux, \u00e0 aller plus loin dans la compr\u00e9hension, dans la justesse. On apprend le geste, puis on polit encore et encore dans l\u2019objectif d\u2019obtenir une pratique toujours plus fine et plus pr\u00e9cise.<\/p>\n\n\n\n<p><strong>Proposes-tu du shiatsu dans tes cours d\u2019a\u00efkido ?<\/strong><br>Rarement, mais j\u2019int\u00e8gre r\u00e9guli\u00e8rement des exercices de do-in (auto-massage) pour pr\u00e9parer le corps en d\u00e9but de s\u00e9ance, ou le rel\u00e2cher apr\u00e8s l\u2019entrainement.<\/p>\n\n\n\n<p><strong>Tu as g\u00e9r\u00e9 le stand shiatsu lors des deux \u00e9v\u00e9nements des 24h des samourais ?<\/strong><br>Oui, avec Olivier Vaillant.<br>C\u2019\u00e9tait \u00e9prouvant. A chaque \u00e9dition, je n\u2019ai pu dormir qu\u2019une heure, et la pause de quinze minutes&nbsp;des pratiquants est synonyme de rush pour nous. Le travail de Kuretake a \u00e9t\u00e9 mis \u00e0 l\u2019\u00e9preuve et nous avons pu constater que le respect de la posture de travail permet de se pr\u00e9server. Malgr\u00e9 tout, des douleurs ont pu apparaitre et la pratique adapt\u00e9e, avec notamment du travail debout avec les pieds (sokuatsu).<\/p>\n\n\n\n<p><strong>Qu\u2019en as-tu retir\u00e9 ?<\/strong><br>Une \u00e9norme satisfaction d\u2019avoir partag\u00e9\u00a0\u00e7a avec nos \u00e9l\u00e8ves et d\u2019avoir montr\u00e9 notre travail. J\u2019en sors plus convaincu que jamais que le shiatsu a sa place autour des budos s\u2019il est fait avec une pratique sans chichi ni th\u00e9orie \u00e9sot\u00e9rique.<\/p>\n\n\n<div class=\"wp-block-image\">\n<figure class=\"aligncenter size-full is-resized\"><img loading=\"lazy\" decoding=\"async\" src=\"https:\/\/aikidogaume.be\/wp-content\/uploads\/2023\/08\/6ac2f19a-96b8-2e6e-f63f-4112625d4cb6.jpg\" alt=\"\" class=\"wp-image-446\" width=\"365\" height=\"546\"\/><\/figure><\/div>\n\n\n<p><strong>Depuis quand enseignes-tu ?<\/strong><br>J\u2019ai vraiment commenc\u00e9 \u00e0 enseigner en septembre 2018, quand mon enseignant Robert Munaut m\u2019a demand\u00e9 de le remplacer. Pour me sentir plus l\u00e9gitime je pr\u00e9f\u00e9rais passer mon shodan, et l\u2019ann\u00e9e avant la transition j\u2019ai donc pr\u00e9par\u00e9 mon examen en m\u2019entrainant chez Albert Poncelet. Avec le nidan en pr\u00e9paration, je pr\u00e9vois de retourner voir Albert autant que possible.<\/p>\n\n\n\n<p><strong>Que viens-tu chercher \u00e0 la Formation Intensive Enseignant ?<\/strong><br>J\u2019y suis venu en premier lieu pour apprendre le catalogue approfondi de l\u2019\u00e9cole. Maintenant, j\u2019y trouve aussi le plaisir d\u2019\u00e9changer et de pratiquer avec de nombreux pratiquants de tout horizon. Avec le succ\u00e8s de la FIE on retrouve tellement de pratiquants diff\u00e9rents en termes de gabarits, de sensations, de niveau ! &nbsp;S\u2019entrainer avec autant de monde permet de mieux appr\u00e9hender ses propres limites, que ce soit dans la r\u00e9alisation de la technique ou des blocages de son propre corps.<br>Au-del\u00e0 de l\u2019aspect pratique, apr\u00e8s deux ann\u00e9es de FIE, des amiti\u00e9s se sont nou\u00e9es et c\u2019est une joie de retrouver les compagnons de route et de faire vivre une complicit\u00e9 n\u00e9e au fil des heures de sueur.<br>J\u2019appr\u00e9cie \u00e9galement le d\u00e9fi que repr\u00e9sente chaque week-end et je remercie les enseignants qui nous accompagnent pour que l\u2019on aille toujours plus loin, plus haut.<\/p>\n\n\n<div class=\"wp-block-image\">\n<figure class=\"aligncenter size-large is-resized\"><img loading=\"lazy\" decoding=\"async\" src=\"https:\/\/aikidogaume.be\/wp-content\/uploads\/2023\/08\/7df8f799-7f12-efdb-d404-211f37429298-1024x532.jpg\" alt=\"\" class=\"wp-image-447\" width=\"620\" height=\"322\" srcset=\"https:\/\/aikidogaume.be\/wp-content\/uploads\/2023\/08\/7df8f799-7f12-efdb-d404-211f37429298-1024x532.jpg 1024w, https:\/\/aikidogaume.be\/wp-content\/uploads\/2023\/08\/7df8f799-7f12-efdb-d404-211f37429298-300x156.jpg 300w, https:\/\/aikidogaume.be\/wp-content\/uploads\/2023\/08\/7df8f799-7f12-efdb-d404-211f37429298-768x399.jpg 768w, https:\/\/aikidogaume.be\/wp-content\/uploads\/2023\/08\/7df8f799-7f12-efdb-d404-211f37429298-1536x798.jpg 1536w, https:\/\/aikidogaume.be\/wp-content\/uploads\/2023\/08\/7df8f799-7f12-efdb-d404-211f37429298-2048x1064.jpg 2048w, https:\/\/aikidogaume.be\/wp-content\/uploads\/2023\/08\/7df8f799-7f12-efdb-d404-211f37429298-1568x815.jpg 1568w\" sizes=\"(max-width: 620px) 100vw, 620px\" \/><\/figure><\/div>\n\n\n<div style=\"height:200px\" aria-hidden=\"true\" class=\"wp-block-spacer\"><\/div>\n\n\n\n<p class=\"has-small-font-size\">Texte et photos repris de l&rsquo;interview effectu\u00e9e dans la newsletter Kishinkai #32.<\/p>\n","protected":false},"excerpt":{"rendered":"<p>Piotr Nowak, Gaume, Belgique &#8211; Interview reprise de la Kishinkai Newsletter #32 \u2013 juillet 2023 Quel est ton parcours martial ?Enfant j\u2019ai essay\u00e9 le judo et le jujutsu mais je n\u2019ai pas accroch\u00e9. Je suis arriv\u00e9 de Pologne en Belgique \u00e0 10\u00a0ans et j\u2019ai d\u00e9couvert le cin\u00e9ma am\u00e9ricain, dont le film \u00ab\u00a0Nico\u00a0\u00bb avec Steven Seagal.<a class=\"more-link\" href=\"https:\/\/aikidogaume.be\/?p=440\">Lire la suite <span class=\"screen-reader-text\">\u00ab\u00a0Un mois, un dojo\u00a0\u00bb<\/span><\/a><\/p>\n","protected":false},"author":1,"featured_media":0,"comment_status":"closed","ping_status":"open","sticky":false,"template":"","format":"standard","meta":{"spay_email":"","footnotes":""},"categories":[1],"tags":[],"class_list":["post-440","post","type-post","status-publish","format-standard","hentry","category-non-classe","entry"],"jetpack_featured_media_url":"","_links":{"self":[{"href":"https:\/\/aikidogaume.be\/index.php?rest_route=\/wp\/v2\/posts\/440"}],"collection":[{"href":"https:\/\/aikidogaume.be\/index.php?rest_route=\/wp\/v2\/posts"}],"about":[{"href":"https:\/\/aikidogaume.be\/index.php?rest_route=\/wp\/v2\/types\/post"}],"author":[{"embeddable":true,"href":"https:\/\/aikidogaume.be\/index.php?rest_route=\/wp\/v2\/users\/1"}],"replies":[{"embeddable":true,"href":"https:\/\/aikidogaume.be\/index.php?rest_route=%2Fwp%2Fv2%2Fcomments&post=440"}],"version-history":[{"count":1,"href":"https:\/\/aikidogaume.be\/index.php?rest_route=\/wp\/v2\/posts\/440\/revisions"}],"predecessor-version":[{"id":448,"href":"https:\/\/aikidogaume.be\/index.php?rest_route=\/wp\/v2\/posts\/440\/revisions\/448"}],"wp:attachment":[{"href":"https:\/\/aikidogaume.be\/index.php?rest_route=%2Fwp%2Fv2%2Fmedia&parent=440"}],"wp:term":[{"taxonomy":"category","embeddable":true,"href":"https:\/\/aikidogaume.be\/index.php?rest_route=%2Fwp%2Fv2%2Fcategories&post=440"},{"taxonomy":"post_tag","embeddable":true,"href":"https:\/\/aikidogaume.be\/index.php?rest_route=%2Fwp%2Fv2%2Ftags&post=440"}],"curies":[{"name":"wp","href":"https:\/\/api.w.org\/{rel}","templated":true}]}}